{"id":9191,"__str__":"Requerimento n\u00ba 512 de 1999","link_detail_backend":"/materia/9191","metadata":{},"numero":512,"ano":1999,"numero_protocolo":null,"data_apresentacao":"1999-10-20","tipo_apresentacao":"","data_publicacao":null,"numero_origem_externa":"","ano_origem_externa":null,"data_origem_externa":null,"apelido":"","dias_prazo":null,"data_fim_prazo":null,"em_tramitacao":false,"polemica":null,"objeto":"","complementar":null,"ementa":"O VEREADOR ABAIXO SUBSCRITO, NO USO DAS ATRIBUI\u00c7\u00d5ES\r\nQUE LHE S\u00c3O CONFERIDAS PELA LEI ORG\u00c2NICA E REGIMENTO INTERNO, REQUER, AP\u00d3S\r\nOUVIDO O DOUTO EM PLEN\u00c1RIO, QUE SEJA ENCAMINHADO EXPEDIENTE \u00c0 CRT, SOLICITANDO\r\nCONSERTO DO TELEFONE P\u00daBLICO, LOCALIZADO NA RUA JO\u00c3O PAULO I, EM FRENTE AO\r\nARMAZ\u00c9M LERNER, BAIRRO PRESIDENTE VARGAS.","indexacao":"","observacao":"","resultado":"","texto_original":"http://sapl.erechim.rs.leg.br/media/sapl/public/materialegislativa/1999/9191/9191_texto_integral.pdf","data_ultima_atualizacao":"2018-05-30T14:47:09.466777-03:00","ip":"","ultima_edicao":null,"tipo":3,"regime_tramitacao":1,"tipo_origem_externa":null,"local_origem_externa":null,"user":null,"anexadas":[],"autores":[132]}