{"id":7240,"__str__":"Indica\u00e7\u00e3o n\u00ba 5 de 2003","link_detail_backend":"/materia/7240","metadata":{},"numero":5,"ano":2003,"numero_protocolo":null,"data_apresentacao":"2003-08-21","tipo_apresentacao":"","data_publicacao":null,"numero_origem_externa":"","ano_origem_externa":null,"data_origem_externa":null,"apelido":"","dias_prazo":null,"data_fim_prazo":null,"em_tramitacao":false,"polemica":null,"objeto":"","complementar":null,"ementa":"O VEREADOR QUE ABAIXO SUBSCREVE, AMPARADO NA LEI\r\nORG\u00c2NICA DO MUNIC\u00cdPIO E NOS ARTIGOS 94 E 95 DO REGIMENTO INTERNO, V\u00caM\r\nRESPEITOSAMENTE ENCAMINHAR A PRESENTE INDICA\u00c7\u00c3O AO PODER EXECUTIVO\r\nMUNICIPAL, VERSANDO SOBRE: \"ISEN\u00c7\u00c3O DO PAGAMENTO DO IPTU PARA O CONTRIBUINTE\r\nQUE ADOTAR OU ASSUMIR A GUARDA DE MENOR CARENTE\"","indexacao":"","observacao":"","resultado":"","texto_original":"http://sapl.erechim.rs.leg.br/media/sapl/public/materialegislativa/2003/7240/7240_texto_integral.pdf","data_ultima_atualizacao":"2018-05-30T15:06:00.888871-03:00","ip":"","ultima_edicao":null,"tipo":8,"regime_tramitacao":1,"tipo_origem_externa":null,"local_origem_externa":null,"user":null,"anexadas":[],"autores":[166]}