{"id":2849,"__str__":"Mo\u00e7\u00e3o n\u00ba 1 de 2011","link_detail_backend":"/materia/2849","metadata":{},"numero":1,"ano":2011,"numero_protocolo":null,"data_apresentacao":"2011-03-23","tipo_apresentacao":"","data_publicacao":null,"numero_origem_externa":"","ano_origem_externa":null,"data_origem_externa":null,"apelido":"","dias_prazo":null,"data_fim_prazo":null,"em_tramitacao":false,"polemica":null,"objeto":"","complementar":null,"ementa":"MO\u00c7\u00c3O DE APOIO, NOSSA SOLIDARIEDADE AOS ESTUDANTES DA UFFS - CAMPUS DE ERECHIM QUE\r\nREALIZARAM NA ULTIMA SEGUNDA FEIRA, DIA 21 DE ME MAR\u00c7O, UM DIA DE MOBILIZA\u00c7\u00c3O E PROTESTOS DIRIGIDO AO\r\nMINIST\u00c9RIO DA EDUCA\u00c7\u00c3O, EM RAZ\u00c3O DO CORTE DE VERBAS QUE PREJUDICA A COMUNIDADE ACAD\u00caMICA DA UFFS\r\n- CAMPUS DE ERECHIM.","indexacao":"","observacao":"","resultado":"","texto_original":"http://sapl.erechim.rs.leg.br/media/sapl/public/materialegislativa/2011/2849/2849_texto_integral.pdf","data_ultima_atualizacao":"2018-05-30T14:36:44.412911-03:00","ip":"","ultima_edicao":null,"tipo":7,"regime_tramitacao":1,"tipo_origem_externa":null,"local_origem_externa":null,"user":null,"anexadas":[],"autores":[86,82,96,99,25,20,112]}