{"id":19535,"__str__":"Solicita\u00e7\u00e3o de Deslocamento n\u00ba 67 de 2018","link_detail_backend":"/materia/19535","metadata":{},"numero":67,"ano":2018,"numero_protocolo":1628,"data_apresentacao":"2018-11-30","tipo_apresentacao":"E","data_publicacao":"2018-11-30","numero_origem_externa":"","ano_origem_externa":null,"data_origem_externa":null,"apelido":"","dias_prazo":3,"data_fim_prazo":"2018-12-03","em_tramitacao":false,"polemica":false,"objeto":"","complementar":false,"ementa":"O Deslocamento tem por objetivo participar de reuni\u00e3o juntamente com Deputado Maur\u00edcio Dziedricki, na Assembl\u00e9ia Legislativa as 14hs do dia 03/12/18, para tratar sobre o Cadastro de Ped\u00f3filos.","indexacao":"","observacao":"","resultado":"","texto_original":"http://sapl.erechim.rs.leg.br/media/sapl/public/materialegislativa/2018/19535/deslocamento.pdf","data_ultima_atualizacao":"2020-07-22T16:53:46.241842-03:00","ip":"","ultima_edicao":null,"tipo":22,"regime_tramitacao":1,"tipo_origem_externa":null,"local_origem_externa":null,"user":null,"anexadas":[],"autores":[8]}