{"id":11635,"__str__":"Projeto de Lei Ordin\u00e1ria Executivo n\u00ba 294 de 2015","link_detail_backend":"/materia/11635","metadata":{},"numero":294,"ano":2015,"numero_protocolo":1011,"data_apresentacao":"2015-12-18","tipo_apresentacao":"E","data_publicacao":"2015-12-18","numero_origem_externa":"","ano_origem_externa":null,"data_origem_externa":null,"apelido":"","dias_prazo":10,"data_fim_prazo":"2015-12-28","em_tramitacao":false,"polemica":false,"objeto":"","complementar":false,"ementa":"REGULAMENTA A INSTALA\u00c7\u00c3O DE AN\u00daNCIOS EM PR\u00c9DIOS E\r\nVE\u00cdCULOS E ESTABELECE PADR\u00c3O DE CORES NOS EDIF\u00cdCIOS\r\nHIST\u00d3RICOS DO MUNIC\u00cdPIO DE ERECHIM. ","indexacao":"","observacao":"","resultado":"","texto_original":"http://sapl.erechim.rs.leg.br/media/sapl/public/materialegislativa/2015/11635/11635_texto_integral.pdf","data_ultima_atualizacao":"2018-05-30T14:48:33.783857-03:00","ip":"","ultima_edicao":null,"tipo":5,"regime_tramitacao":2,"tipo_origem_externa":null,"local_origem_externa":null,"user":null,"anexadas":[],"autores":[6]}