{"id":8981,"__str__":"Parecer - Comiss\u00e3o de Constitui\u00e7\u00e3o e Justi\u00e7a de 06/04/2020 por CCJ - Comiss\u00e3o de Constitui\u00e7\u00e3o e Justi\u00e7a","link_detail_backend":"/materia/documentoacessorio/8981","metadata":{},"nome":"Comiss\u00e3o de Constitui\u00e7\u00e3o e Justi\u00e7a","data":"2020-04-06","autor":"CCJ - Comiss\u00e3o de Constitui\u00e7\u00e3o e Justi\u00e7a","ementa":"","indexacao":"","arquivo":"http://sapl.erechim.rs.leg.br/media/sapl/public/documentoacessorio/2020/8981/p_em_11.pdf","data_ultima_atualizacao":"2020-04-06T15:15:12.016693-03:00","materia":21374,"tipo":1}