{"id":5899,"__str__":"Parecer - COMISS\u00c3O DE JUSTI\u00c7A E REDA\u00c7\u00c3O de 18/12/2017 por RENAN AUGUSTO SOCCOL","link_detail_backend":"/materia/documentoacessorio/5899","metadata":{},"nome":"COMISS\u00c3O DE JUSTI\u00c7A E REDA\u00c7\u00c3O","data":"2017-12-18","autor":"RENAN AUGUSTO SOCCOL","ementa":"","indexacao":"","arquivo":"http://sapl.erechim.rs.leg.br/media/sapl/public/documentoacessorio/2017/5899/5899.xml","data_ultima_atualizacao":"2018-05-30T15:31:39.138995-03:00","materia":18404,"tipo":1}