{"id":5850,"__str__":"Parecer - COMISS\u00c3O DE JUSTI\u00c7A E REDA\u00c7\u00c3O  de 11/12/2017 por A COMISS\u00c3O","link_detail_backend":"/materia/documentoacessorio/5850","metadata":{},"nome":"COMISS\u00c3O DE JUSTI\u00c7A E REDA\u00c7\u00c3O ","data":"2017-12-11","autor":"A COMISS\u00c3O","ementa":"","indexacao":"","arquivo":"http://sapl.erechim.rs.leg.br/media/sapl/public/documentoacessorio/2017/5850/5850.xml","data_ultima_atualizacao":"2018-05-30T15:34:39.380972-03:00","materia":18256,"tipo":1}