{"id":5494,"__str__":"Parecer - COMISS\u00c3O DE JUSTI\u00c7A E REDA\u00c7\u00c3O  de 15/09/2017 por RENAN AUGUSTO SOCCOL","link_detail_backend":"/materia/documentoacessorio/5494","metadata":{},"nome":"COMISS\u00c3O DE JUSTI\u00c7A E REDA\u00c7\u00c3O ","data":"2017-09-15","autor":"RENAN AUGUSTO SOCCOL","ementa":"CONSTITUCIONAL.","indexacao":"","arquivo":"http://sapl.erechim.rs.leg.br/media/sapl/public/documentoacessorio/2017/5494/5494.xml","data_ultima_atualizacao":"2018-05-30T15:29:23.686295-03:00","materia":18023,"tipo":1}