{"id":4889,"__str__":"Parecer - COMISS\u00c3O DE JUSTI\u00c7A E REDA\u00c7\u00c3O de 24/04/2017 por S\u00c9RGIO ALVES BENTO","link_detail_backend":"/materia/documentoacessorio/4889","metadata":{},"nome":"COMISS\u00c3O DE JUSTI\u00c7A E REDA\u00c7\u00c3O","data":"2017-04-24","autor":"S\u00c9RGIO ALVES BENTO","ementa":"","indexacao":"","arquivo":"http://sapl.erechim.rs.leg.br/media/sapl/public/documentoacessorio/2017/4889/4889.xml","data_ultima_atualizacao":"2018-05-30T15:36:04.758994-03:00","materia":17591,"tipo":1}