{"id":4793,"__str__":"Parecer - COMISS\u00c3O DE JUSTI\u00c7A E REDA\u00c7\u00c3O de 03/04/2017 por RAFAEL AYUB","link_detail_backend":"/materia/documentoacessorio/4793","metadata":{},"nome":"COMISS\u00c3O DE JUSTI\u00c7A E REDA\u00c7\u00c3O","data":"2017-04-03","autor":"RAFAEL AYUB","ementa":"","indexacao":"","arquivo":"http://sapl.erechim.rs.leg.br/media/sapl/public/documentoacessorio/2017/4793/4793.xml","data_ultima_atualizacao":"2018-05-30T15:28:58.707539-03:00","materia":17557,"tipo":1}