{"id":1255,"__str__":"Parecer - COMISS\u00c3O DE JUSTI\u00c7A E REDA\u00c7\u00c3O de 24/10/2014 por LEANDRO AUGUSTO BASSO","link_detail_backend":"/materia/documentoacessorio/1255","metadata":{},"nome":"COMISS\u00c3O DE JUSTI\u00c7A E REDA\u00c7\u00c3O","data":"2014-10-24","autor":"LEANDRO AUGUSTO BASSO","ementa":"                    \r\n                ","indexacao":"","arquivo":"http://sapl.erechim.rs.leg.br/media/sapl/public/documentoacessorio/2014/1255/1255.xml","data_ultima_atualizacao":"2018-05-30T15:27:32.883281-03:00","materia":2287,"tipo":1}