{"id":11533,"__str__":"Parecer - Parecer Jur\u00eddico de 09/08/2021 por Abr\u00e3o Safro - Consultor Jur\u00eddico","link_detail_backend":"/materia/documentoacessorio/11533","metadata":{},"nome":"Parecer Jur\u00eddico","data":"2021-08-09","autor":"Abr\u00e3o Safro - Consultor Jur\u00eddico","ementa":"","indexacao":"","arquivo":"http://sapl.erechim.rs.leg.br/media/sapl/public/documentoacessorio/2021/11533/parecer_-_projeto_090-21_-_contratacao_temporaria_professores_educacao_infantil_ensino_fundamental__anos_iniciais_pdf.pdf","data_ultima_atualizacao":"2021-08-09T09:35:54.087948-03:00","materia":23034,"tipo":1}