{"id":11421,"__str__":"Parecer - Parecer Jur\u00eddico de 26/07/2021 por Abr\u00e3o Safro - Consultor Jur\u00eddico","link_detail_backend":"/materia/documentoacessorio/11421","metadata":{},"nome":"Parecer Jur\u00eddico","data":"2021-07-26","autor":"Abr\u00e3o Safro - Consultor Jur\u00eddico","ementa":"Institui o Regime de Previd\u00eancia Complementar no \u00e2mbito do Munic\u00edpio de Erechim; fixa o limite m\u00e1ximo para a concess\u00e3o e aposentadorias e pens\u00f5es pelo Regime de Previd\u00eancia de que trata o Art. 40 da Constitui\u00e7\u00e3o Federal; autoriza a ades\u00e3o ao plano de benef\u00edcios de previd\u00eancias complementar","indexacao":"","arquivo":"http://sapl.erechim.rs.leg.br/media/sapl/public/documentoacessorio/2021/11421/parecer_projeto_lei_ordinaria_081-21_institui_regime_previdencia_complementar_pdf.pdf","data_ultima_atualizacao":"2021-07-27T07:53:55.182326-03:00","materia":22971,"tipo":1}